{"id":2518,"date":"2020-05-23T08:46:31","date_gmt":"2020-05-23T06:46:31","guid":{"rendered":"http:\/\/www.treffpunkt-dorfprojekte.de\/cms\/?p=2518"},"modified":"2020-05-23T09:10:14","modified_gmt":"2020-05-23T07:10:14","slug":"pv-solar-deckel-wird-aufgehoben","status":"publish","type":"post","link":"http:\/\/www.treffpunkt-dorfprojekte.de\/cms\/pv-solar-deckel-wird-aufgehoben\/","title":{"rendered":"PV Solar Deckel wird aufgehoben"},"content":{"rendered":"\n<p>Erinnern Sie sich? Am 31.1.2020 fand eine <a href=\"http:\/\/www.treffpunkt-dorfprojekte.de\/cms\/mehr-zu-vortrag-zu-photovoltaik-am-30-1-2020-beim-faltermeier\/\" target=\"_blank\" rel=\"noreferrer noopener\">Veranstaltung zum Thema Photovoltaik in Finsing\/Eicherloh<\/a> statt in dem auch die Problematik des &#8222;Solardeckels&#8220; besprochen wurde und Dr. Horn alle aufgefordert hat, die Petition zu dessen Abschaffung zu unterzeichnen.<\/p>\n\n\n\n<p>Berechnungen der Solarwirtschaft zufolge wird in Deutschland bereits im Juni der Ausbau die 52GW Marke \u00fcberschreiten. <img loading=\"lazy\" decoding=\"async\" width=\"170\" height=\"111\" class=\"wp-image-2509\" style=\"width: 170px;\" src=\"http:\/\/www.treffpunkt-dorfprojekte.de\/cms\/wp-content\/uploads\/2020\/05\/bundesverband-solarwirtschaft-entwicklungPV.png\" alt=\"\" srcset=\"http:\/\/www.treffpunkt-dorfprojekte.de\/cms\/wp-content\/uploads\/2020\/05\/bundesverband-solarwirtschaft-entwicklungPV.png 845w, http:\/\/www.treffpunkt-dorfprojekte.de\/cms\/wp-content\/uploads\/2020\/05\/bundesverband-solarwirtschaft-entwicklungPV-300x196.png 300w, http:\/\/www.treffpunkt-dorfprojekte.de\/cms\/wp-content\/uploads\/2020\/05\/bundesverband-solarwirtschaft-entwicklungPV-768x503.png 768w\" sizes=\"auto, (max-width: 170px) 100vw, 170px\" \/><\/p>\n\n\n\n<p>Eigentlich ein Grund zu feiern denn es zeigt, wie gut PV Anlagen von Bauherren und Investoren angenommen werden. Ein weiterer Grund zu feiern ist, dass der Anteil der Solarenergie an dem Energiemix in Deutschland stetig zu nimmt. Das ist ein wichtiger Beitrag wenn Deutschland das Ziel der Co2-Reduzierung einhalten will. Au\u00dferdem ist Sonnenlicht nun wirklich die sauberste Form der Energie die wir haben (\u00dcbrigens z\u00e4hle ich Windkraft auch zur Energie aus Sonnenlicht, denn ohne Wind, ohne Temperaturdifferenzen durch Sonneneinstrahlung gibt es keine Windkraft.)<\/p>\n\n\n\n<p>Klar bin ich auch f\u00fcr eine Abschaffung des PV-Deckels. Allerdings ist meine Begeisterung etwas (nur ein klein wenig) ged\u00e4mpft weil es ohne F\u00f6rderung nicht zu funktionieren scheint und weiterhin der Tropf des EEG notwendig ist um einen Ausbau nachhaltiger Energiegewinnung zu forcieren.<\/p>\n\n\n\n<p class=\"has-text-color has-vivid-red-color\"><strong>Gut und wichtig ist, dass der Ausbau der Solarenergie vorangetrieben wird. Wenn es sein muss auch mit F\u00f6rderprogrammen. Das hat erste Priorit\u00e4t.<\/strong><\/p>\n\n\n\n<p>Schade und entt\u00e4uschend sind die Tricks mit denen manche Politiker ihre Regeln sozusagen huckepack oder sagen wir hinterr\u00fccks in die Vertragswerke einschleusen und als Bedingungen f\u00fcr eine Zustimmung verkn\u00fcpfen. Die Abstandsregelung hat nichts, aber schon auch gar nichts mit dem Ausbau der PV Anlagen zu tun. trotzdem war der Wegfall des PV-Deckels in Gefahr da die CDU\/CSU nur zugestimmt hat, wenn die Abstandsregelung teil der EEG Novelle ist. Als Ingenieur sind mir solche &#8222;Mauscheleien&#8220; zuwider. Die Abstandsregelung ist ein Aspekt der Planung und hat nichts mit der Einspeisef\u00f6rderung zu tun. <\/p>\n\n\n\n<h2 class=\"wp-block-heading\">Jetzt scheint es so weit zu sein.<\/h2>\n\n\n\n<p>Gut erkl\u00e4rt wird der Solardeckel auf der Internetseite der &#8222;<a rel=\"noreferrer noopener\" href=\"https:\/\/www.clearingstelle-eeg-kwkg.de\/haeufige-rechtsfrage\/215\" target=\"_blank\">Clearingstelle EEG|<dfn title=\"Kraft-W\u00e4rme-Kopplungsgesetz\">KWKG<\/dfn><\/a>&#8220; <img decoding=\"async\" class=\"wp-image-2046\" style=\"width: 10px;\" src=\"http:\/\/www.treffpunkt-dorfprojekte.de\/cms\/wp-content\/uploads\/2019\/08\/externallink.gif\" alt=\"\">. <\/p>\n\n\n\n<blockquote class=\"wp-block-quote is-layout-flow wp-block-quote-is-layout-flow\"><p>Der <dfn title=\"sogenannt(e\/r\/n)\">sog.<\/dfn> Solardeckel&nbsp;nimmt Bezug auf \u00a7 49 <dfn title=\"Absatz\">Abs.<\/dfn> 5 <dfn title=\"Erneuerbare-Energien-Gesetz\">EEG<\/dfn> 2017. In diesem ist, vereinfacht gesagt, geregelt, dass f\u00fcr Solaranlagen kein Verg\u00fctungsanspruch nach dem EEG besteht, wenn das Gesamtausbauziel von <strong>52 GW installierter Leistung von Solaranlagen<\/strong> deutschlandweit \u00fcberschritten worden ist. Der anzulegende Wert f\u00fcr die EEG-Verg\u00fctung verringert sich f\u00fcr diese Anlagen auf null.<\/p><cite>&#8222;<a rel=\"noreferrer noopener\" href=\"https:\/\/www.clearingstelle-eeg-kwkg.de\/haeufige-rechtsfrage\/215\" target=\"_blank\">Clearingstelle EEG|<dfn title=\"Kraft-W\u00e4rme-Kopplungsgesetz\">KWKG<\/dfn><\/a>&#8222;<\/cite><\/blockquote>\n\n\n\n<h2 class=\"wp-block-heading\">Der Sockel wird abgeschafft<\/h2>\n\n\n\n<blockquote class=\"wp-block-quote is-layout-flow wp-block-quote-is-layout-flow\"><p>Die Regierungskoalition hat sich geeinigt: Der Solardeckel f\u00e4llt und die Abstandsregeln von Windkraftanlagen zur Wohnbebauung regeln die Bundesl\u00e4ndern in den Bauordnungen. Zudem plant die Bundesregierung die Absenkung der EEG-Umlage mit Steuergeldern.<\/p><cite><a href=\"https:\/\/www.erneuerbareenergien.de\/der-solardeckel-wird-abgeschafft\" target=\"_blank\" rel=\"noreferrer noopener\">Erneuerbare Energieen<\/a><\/cite><\/blockquote>\n\n\n\n<blockquote class=\"wp-block-quote is-layout-flow wp-block-quote-is-layout-flow\"><p><strong>Stellungnahme des Bundesverbandes Solarwirtschaft e. V. zum m\u00f6glichen Durchbruch bei den Verhandlungen zur k\u00fcnftigen F\u00f6rderung von Photovoltaikanlagen in Deutschland und zur Einigung zur Standortausweisung k\u00fcnftiger Windparks<\/strong><\/p><p>&#8230;..<\/p><p>Nach Berechnungen des BSW k\u00f6nnte die bei einer installierten Photovoltaikleistung in H\u00f6he von 52 Gigawatt greifende F\u00f6rderbeschr\u00e4nkung andernfalls bereits im Juli 2020 erreicht werden. Bei einem Ausbleiben der Entdeckelung w\u00fcrde sich der Solarmarkt in Deutschland nach Einsch\u00e4tzung des BSW mehr als halbieren. Schon eine vor\u00fcbergehende F\u00f6rderunterbrechung w\u00fcrde massive Sch\u00e4den in der Solarwirtschaft anrichten. Nach einer Repr\u00e4sentativbefragung im Februar hatten sich drei Viertel der B\u00fcrger f\u00fcr eine Fortsetzung der Solarf\u00f6rderung ausgesprochen, um die Umsetzung der Klimaziele nicht zu gef\u00e4hrden.<\/p><cite><a href=\"https:\/\/www.solarwirtschaft.de\/2020\/05\/18\/hoffnung-fuer-neue-solardaecher\/\" target=\"_blank\" rel=\"noreferrer noopener\">Bundesverband Solarwirtschaft e.V.<\/a><\/cite><\/blockquote>\n\n\n\n<h2 class=\"wp-block-heading\">Hintergrundinfos:<\/h2>\n\n\n\n<p><a href=\"https:\/\/www.erneuerbareenergien.de\/kein-solardeckel-aber-huerden-fuer-die-windkraft\">https:\/\/www.erneuerbareenergien.de\/kein-solardeckel-aber-huerden-fuer-die-windkraft<\/a> vom 20.9.2019 <img decoding=\"async\" class=\"wp-image-2046\" style=\"width: 10px;\" src=\"http:\/\/www.treffpunkt-dorfprojekte.de\/cms\/wp-content\/uploads\/2019\/08\/externallink.gif\" alt=\"\"><\/p>\n\n\n\n<p><a href=\"https:\/\/x2e-se.de\/smartenergy-solutions\/ratgeber\" target=\"_blank\" rel=\"noreferrer noopener\">Wissensdatenbank zu PV <\/a><img decoding=\"async\" class=\"wp-image-2046\" style=\"width: 10px;\" src=\"http:\/\/www.treffpunkt-dorfprojekte.de\/cms\/wp-content\/uploads\/2019\/08\/externallink.gif\" alt=\"\"><\/p>\n","protected":false},"excerpt":{"rendered":"<p>Erinnern Sie sich? Am 31.1.2020 fand eine Veranstaltung zum Thema Photovoltaik in Finsing\/Eicherloh statt in dem auch die Problematik des &#8222;Solardeckels&#8220; besprochen wurde und Dr. Horn alle aufgefordert hat, die Petition zu dessen Abschaffung zu unterzeichnen. Berechnungen der Solarwirtschaft zufolge [&hellip;]<\/p>\n","protected":false},"author":1,"featured_media":2509,"comment_status":"closed","ping_status":"closed","sticky":false,"template":"","format":"standard","meta":{"footnotes":""},"categories":[221,1],"tags":[235,233,234],"class_list":["post-2518","post","type-post","status-publish","format-standard","has-post-thumbnail","hentry","category-arbeitsgruppe-energie-und-umwelt","category-allgemein","tag-52gw","tag-pv-deckel","tag-solar-deckel"],"_links":{"self":[{"href":"http:\/\/www.treffpunkt-dorfprojekte.de\/cms\/wp-json\/wp\/v2\/posts\/2518","targetHints":{"allow":["GET"]}}],"collection":[{"href":"http:\/\/www.treffpunkt-dorfprojekte.de\/cms\/wp-json\/wp\/v2\/posts"}],"about":[{"href":"http:\/\/www.treffpunkt-dorfprojekte.de\/cms\/wp-json\/wp\/v2\/types\/post"}],"author":[{"embeddable":true,"href":"http:\/\/www.treffpunkt-dorfprojekte.de\/cms\/wp-json\/wp\/v2\/users\/1"}],"replies":[{"embeddable":true,"href":"http:\/\/www.treffpunkt-dorfprojekte.de\/cms\/wp-json\/wp\/v2\/comments?post=2518"}],"version-history":[{"count":5,"href":"http:\/\/www.treffpunkt-dorfprojekte.de\/cms\/wp-json\/wp\/v2\/posts\/2518\/revisions"}],"predecessor-version":[{"id":2527,"href":"http:\/\/www.treffpunkt-dorfprojekte.de\/cms\/wp-json\/wp\/v2\/posts\/2518\/revisions\/2527"}],"wp:featuredmedia":[{"embeddable":true,"href":"http:\/\/www.treffpunkt-dorfprojekte.de\/cms\/wp-json\/wp\/v2\/media\/2509"}],"wp:attachment":[{"href":"http:\/\/www.treffpunkt-dorfprojekte.de\/cms\/wp-json\/wp\/v2\/media?parent=2518"}],"wp:term":[{"taxonomy":"category","embeddable":true,"href":"http:\/\/www.treffpunkt-dorfprojekte.de\/cms\/wp-json\/wp\/v2\/categories?post=2518"},{"taxonomy":"post_tag","embeddable":true,"href":"http:\/\/www.treffpunkt-dorfprojekte.de\/cms\/wp-json\/wp\/v2\/tags?post=2518"}],"curies":[{"name":"wp","href":"https:\/\/api.w.org\/{rel}","templated":true}]}}