{"id":2282,"date":"2019-10-05T00:00:19","date_gmt":"2019-10-04T22:00:19","guid":{"rendered":"http:\/\/www.treffpunkt-dorfprojekte.de\/cms\/?p=2282"},"modified":"2019-10-07T00:11:01","modified_gmt":"2019-10-06T22:11:01","slug":"markt-schwaben-repariert-21-12-2018","status":"publish","type":"post","link":"http:\/\/www.treffpunkt-dorfprojekte.de\/cms\/markt-schwaben-repariert-21-12-2018\/","title":{"rendered":"Markt Schwaben Repariert &#8211; 21.12.2018"},"content":{"rendered":"\n<p>Beitrag auf <a href=\"https:\/\/socialdesign.de\/markt-schwaben-repariert\/\">socialdesign.de\/markt-schwaben-repariert<\/a>.<\/p>\n\n\n\n<figure class=\"wp-block-image\"><img loading=\"lazy\" decoding=\"async\" width=\"558\" height=\"549\" src=\"http:\/\/www.treffpunkt-dorfprojekte.de\/cms\/wp-content\/uploads\/2019\/10\/CircularSociety_HansSauerStiftung-558x549.jpg\" alt=\"\" class=\"wp-image-2283\" srcset=\"http:\/\/www.treffpunkt-dorfprojekte.de\/cms\/wp-content\/uploads\/2019\/10\/CircularSociety_HansSauerStiftung-558x549.jpg 558w, http:\/\/www.treffpunkt-dorfprojekte.de\/cms\/wp-content\/uploads\/2019\/10\/CircularSociety_HansSauerStiftung-558x549-300x295.jpg 300w, http:\/\/www.treffpunkt-dorfprojekte.de\/cms\/wp-content\/uploads\/2019\/10\/CircularSociety_HansSauerStiftung-558x549-75x75.jpg 75w\" sizes=\"auto, (max-width: 558px) 100vw, 558px\" \/><\/figure>\n\n\n\n<figure class=\"wp-block-embed-wordpress wp-block-embed is-type-wp-embed is-provider-social-design\"><div class=\"wp-block-embed__wrapper\">\n<blockquote class=\"wp-embedded-content\" data-secret=\"TcJEwkvWZG\"><a href=\"https:\/\/socialdesign.de\/markt-schwaben-repariert\/\">Markt\u00b2 Schwaben repariert!<\/a><\/blockquote><iframe loading=\"lazy\" class=\"wp-embedded-content\" sandbox=\"allow-scripts\" security=\"restricted\" style=\"position: absolute; visibility: hidden;\" title=\"&#8222;Markt\u00b2 Schwaben repariert!&#8220; &#8212; Social Design\" src=\"https:\/\/socialdesign.de\/markt-schwaben-repariert\/embed\/#?secret=tDb9J7ORRu#?secret=TcJEwkvWZG\" data-secret=\"TcJEwkvWZG\" width=\"600\" height=\"338\" frameborder=\"0\" marginwidth=\"0\" marginheight=\"0\" scrolling=\"no\"><\/iframe>\n<\/div><\/figure>\n\n\n\n<p>Am 28. November 2018 fand in Markt Markt Schwaben \u00f6stlich von M\u00fcnchen die erste \u00f6ffentliche Veranstaltung des Projekts \u201e<a href=\"https:\/\/socialdesign.de\/portfolio\/mehrwerthof-markt\u00b2-schwaben\/\" class=\"\">Mehrwerthof Markt<sup>2 <\/sup>Schwaben<\/a>\u201c\n statt: Der Reparaturtag. Anlass f\u00fcr die Initiierung des Projekts gab \nder derzeitige Umbau des bestehenden Wertstoffhofs. Dieser soll k\u00fcnftig \num soziale und \u00f6kologische Aspekte angereichert werden und u.a. die \nM\u00f6glichkeit bieten, kaputte Dinge gemeinsam zu reparieren, statt sie \nwegzuwerfen.<\/p>\n\n\n\n<p>Der \u201eMehrwerthof Markt<sup>2 <\/sup>Schwaben\u201c ist ein Gemeinschaftsprojekt des <a href=\"https:\/\/www.markt-schwaben.de\/willkommen\" target=\"_blank\" rel=\"noreferrer noopener\">Markt Markt Schwaben<\/a>, der <a href=\"https:\/\/www.hanssauerstiftung.de\/\" target=\"_blank\" rel=\"noreferrer noopener\">Hans Sauer Stiftung<\/a> und der <a href=\"https:\/\/www.anderwerk.de\/\" target=\"_blank\" rel=\"noreferrer noopener\">anderwerk GmbH<\/a>.<\/p>\n\n\n\n<h5 class=\"wp-block-heading\">Neues Leben f\u00fcr alte Dinge<\/h5>\n\n\n\n<p>An einem ganz normalen Mittwochnachmittag verwandelte sich der \nB\u00fcrgersaal Markt Schwabens f\u00fcr ein paar Stunden in eine offene \nWerkstatt. An insgesamt vier Stationen wurde gen\u00e4ht, geschraubt, \ngel\u00f6tet, ges\u00e4gt, gepolstert \u2013 und damit kaputten Dingen neues Leben \ngeschenkt.<\/p>\n","protected":false},"excerpt":{"rendered":"<p>Beitrag auf socialdesign.de\/markt-schwaben-repariert. Am 28. November 2018 fand in Markt Markt Schwaben \u00f6stlich von M\u00fcnchen die erste \u00f6ffentliche Veranstaltung des Projekts \u201eMehrwerthof Markt2 Schwaben\u201c statt: Der Reparaturtag. Anlass f\u00fcr die Initiierung des Projekts gab der derzeitige Umbau des bestehenden Wertstoffhofs. [&hellip;]<\/p>\n","protected":false},"author":1,"featured_media":2283,"comment_status":"closed","ping_status":"open","sticky":false,"template":"","format":"standard","meta":{"footnotes":""},"categories":[1],"tags":[],"class_list":["post-2282","post","type-post","status-publish","format-standard","has-post-thumbnail","hentry","category-allgemein"],"_links":{"self":[{"href":"http:\/\/www.treffpunkt-dorfprojekte.de\/cms\/wp-json\/wp\/v2\/posts\/2282","targetHints":{"allow":["GET"]}}],"collection":[{"href":"http:\/\/www.treffpunkt-dorfprojekte.de\/cms\/wp-json\/wp\/v2\/posts"}],"about":[{"href":"http:\/\/www.treffpunkt-dorfprojekte.de\/cms\/wp-json\/wp\/v2\/types\/post"}],"author":[{"embeddable":true,"href":"http:\/\/www.treffpunkt-dorfprojekte.de\/cms\/wp-json\/wp\/v2\/users\/1"}],"replies":[{"embeddable":true,"href":"http:\/\/www.treffpunkt-dorfprojekte.de\/cms\/wp-json\/wp\/v2\/comments?post=2282"}],"version-history":[{"count":3,"href":"http:\/\/www.treffpunkt-dorfprojekte.de\/cms\/wp-json\/wp\/v2\/posts\/2282\/revisions"}],"predecessor-version":[{"id":2289,"href":"http:\/\/www.treffpunkt-dorfprojekte.de\/cms\/wp-json\/wp\/v2\/posts\/2282\/revisions\/2289"}],"wp:featuredmedia":[{"embeddable":true,"href":"http:\/\/www.treffpunkt-dorfprojekte.de\/cms\/wp-json\/wp\/v2\/media\/2283"}],"wp:attachment":[{"href":"http:\/\/www.treffpunkt-dorfprojekte.de\/cms\/wp-json\/wp\/v2\/media?parent=2282"}],"wp:term":[{"taxonomy":"category","embeddable":true,"href":"http:\/\/www.treffpunkt-dorfprojekte.de\/cms\/wp-json\/wp\/v2\/categories?post=2282"},{"taxonomy":"post_tag","embeddable":true,"href":"http:\/\/www.treffpunkt-dorfprojekte.de\/cms\/wp-json\/wp\/v2\/tags?post=2282"}],"curies":[{"name":"wp","href":"https:\/\/api.w.org\/{rel}","templated":true}]}}